{"id":1083,"date":"2023-11-14T15:35:00","date_gmt":"2023-11-14T14:35:00","guid":{"rendered":"https:\/\/www.losencuentrosdepamplona.com\/?p=1083"},"modified":"2024-03-11T10:09:22","modified_gmt":"2024-03-11T09:09:22","slug":"los-encuentros-de-pamplona-iruneko-topaketak-se-convierten-en-bienal-y-se-celebraran-del-3-al-13-de-octubre-de-2024","status":"publish","type":"post","link":"https:\/\/www.losencuentrosdepamplona.com\/eu\/los-encuentros-de-pamplona-iruneko-topaketak-se-convierten-en-bienal-y-se-celebraran-del-3-al-13-de-octubre-de-2024\/","title":{"rendered":"Los Encuentros de Pamplona \/Iru\u00f1eko Topaketak se convierten en bienal y se celebrar\u00e1n del 3 al 13 de octubre de 2024"},"content":{"rendered":"\n<p>La presentaci\u00f3n de los&nbsp;<strong>Encuentros de Pamplona 2024\/ Iru\u00f1eko Topaketak 2024&nbsp;<\/strong>que ha tenido lugar hoy<strong>&nbsp;<\/strong>14 de noviembre en Baluarte, Navarra consolida una bienal internacional de cultura,&nbsp;arte y pensamiento con un gran programa central que tendr\u00e1 lugar en Pamplona del&nbsp;<strong>3 al 13 octubre de 2024<\/strong>.<\/p>\n\n\n\n<p>Promovida por&nbsp;<strong>Gobierno de Navarra<\/strong>&nbsp;y organizada por&nbsp;<strong>Fundaci\u00f3n Baluarte&nbsp;<\/strong>con la colaboraci\u00f3n de&nbsp;<strong>Fundaci\u00f3n La Caixa<\/strong>, los&nbsp;<strong>Encuentros de Pamplona 2024\/ Iru\u00f1eko Topaketak 2024&nbsp;<\/strong>suponen un hito al desarrollar la primera bienal internacional de cultura, arte y pensamiento de nuestra comunidad a partir del positivo impacto y la gran repercusi\u00f3n que generaron los&nbsp;<strong>Encuentros de Pamplona 72-22 Iru\u00f1eko Topaketak<\/strong>.&nbsp;<\/p>\n\n\n\n<p>De esta forma lo que naci\u00f3 como una conmemoraci\u00f3n del cincuenta aniversario de un evento que atrajo a la capital navarra a grandes figuras de las vanguardias, ha servido \u201ccomo constataci\u00f3n de que exist\u00eda una necesidad en la ciudadan\u00eda de tiempo y espacio para la reflexi\u00f3n y que, adem\u00e1s, el hacerlo de forma presencial y colectiva generaba emociones compartidas, entusiasmo por el conocimiento y debate\u201d, como ha explicado Rebeca Esnaola, Consejera de Cultura, Deporte y Turismo del Gobierno de Navarra.<\/p>\n\n\n\n<p>Eso unido a la repercusi\u00f3n y buena acogida no solo en Navarra, sino tambi\u00e9n a nivel nacional e internacional de la iniciativa, ha llevado a mantener los&nbsp;<strong>Encuentros de Pamplona \/ Iru\u00f1eko Topaketak&nbsp;<\/strong>y potenciar alguna de las caracter\u00edsticas y acciones de la edici\u00f3n 2022 pero ya como \u201cuna bienal independiente que desde la reflexi\u00f3n sobre el presente mira al futuro\u201d y que \u201cbusca fomentar el encuentro con grandes pensadoras, pensadores, creadores y creadoras como detonante del di\u00e1logo y el pensamiento cr\u00edtico\u201d.<\/p>\n\n\n\n<p>El programa central de los<strong>&nbsp;Encuentros de Pamplona 2024\/ Iru\u00f1eko Topaketak 2024&nbsp;<\/strong>tendr\u00e1 lugar del 3 al 13 de octubre de 2024<strong>&nbsp;<\/strong>y&nbsp;reunir\u00e1 a personalidades fundamentales del campo de la cultura, las artes y el pensamiento en los diferentes \u00e1mbitos en los que se plantea el programa. Contar\u00e1 como sede principal al Palacio de Congresos y Auditorio de Navarra, Baluarte, aunque tambi\u00e9n se expandir\u00e1n actividades culturales y art\u00edsticas a otros espacios y al espacio p\u00fablico y se propiciar\u00e1 que los ponentes puedan dialogar con colectivos y ciudadan\u00eda durante su estancia en nuestra comunidad.&nbsp;<\/p>\n\n\n\n<h2 class=\"wp-block-heading\"><strong>Grandes l\u00edneas del programa de central<\/strong><\/h2>\n\n\n\n<p>El comisariado del programa corre a cargo del pensador y escritor Ram\u00f3n Andr\u00e9s y est\u00e1 estructurado en nueve bloques tem\u00e1ticos: Siglo XXI, filosof\u00eda para ubicarse; En el principio fueron las manos (Reflexiones sobre tecnolog\u00eda); Literatura sin vuelta de hoja; Los \u00e1rboles que nos quedan (Ideas sobre ecolog\u00eda); Todos venimos de muy lejos; El espejo feminista; Vivir del arte; Cine adentro y M\u00fasica en todas direcciones.<\/p>\n\n\n\n<p>Entre algunas cuestiones que sobre las que se reflexionar\u00e1 est\u00e1n los populismos, la comunidad, la naturaleza y las m\u00e1quinas, la relaci\u00f3n entre el arte y la ciencia, la reforestaci\u00f3n y la ciudad o el eco-feminismo, entre muchas otras. Tal y como ha explicado el comisario Ram\u00f3n Andr\u00e9s, \u201ctodos ellos ser\u00e1n abordados por reconocidas personalidades de referencia mundial\u201d.&nbsp;<\/p>\n\n\n\n<p>Algunos nombres confirmados, que muestran el compromiso de la bienal, son:&nbsp;<strong>Pascal Quignard<\/strong>, uno de los escritores m\u00e1s singulares, creador de&nbsp;<em>El \u00faltimo reino<\/em>, obra en m\u00e1s de diez vol\u00famenes fruto de un esp\u00edritu heterodoxo y gran escritor que ha sido&nbsp; galardonado con los prestigiosos premios Goncourt y Formentor; la escritora y poeta turca&nbsp;<strong>Asli Erdogan<\/strong>, actualmente exiliada en Alemania, f\u00edsica de formaci\u00f3n, bailarina y activista en pro de los derechos humanos, autora de&nbsp;<em>El edificio de piedra<\/em>&nbsp;y&nbsp;<em>Le silence m\u00eame n&#8217;est plus \u00e0 toi<\/em>&nbsp;; el neurobi\u00f3logo y bot\u00e1nico&nbsp;<strong>Stefano Mancuso<\/strong>,&nbsp;celebridad en su disciplina e infatigable divulgador para la preservaci\u00f3n de la naturaleza y, en particular, la flora y los bosques, autor de libros&nbsp; que son ya cl\u00e1sicos en su \u00e1mbito como&nbsp;<em>El futuro es vegetal<\/em>,&nbsp;<em>La tribu de los \u00e1rboles<\/em>&nbsp;y&nbsp;<em>Sensibilidad e inteligencia en el mundo vegetal<\/em>;&nbsp;<strong>M\u00f3nica Bello<\/strong>, directora de&nbsp;<em>Arts at CERN&nbsp;<\/em>(European Organization for Nuclear Research), investiga los v\u00ednculos del arte y la tecnolog\u00eda y la relaci\u00f3n entre los artistas y los f\u00edsicos de part\u00edculas;&nbsp;<strong>Joan Jonas<\/strong>, pionera en&nbsp;el arte de performance y v\u00eddeo, figura hist\u00f3rica de prestigio internacional;&nbsp;<strong>Antoine D\u2019Agata<\/strong>,&nbsp;director f\u00edlmico y fot\u00f3grafo de expresi\u00f3n radical, reportero, por as\u00ed decir, del dolor del mundo,&nbsp;miembro de la agencia Magnum y autor de un libro sobre Francis Bacon y, junto a Jonathan Littell, del reciente&nbsp;<em>Un endroit inconvenient<\/em>;&nbsp;<strong>Eva Lootz<\/strong>, artista de larga trayectoria y reconocimiento internacional, galardonada con el Premio Nacional de Artes Pl\u00e1sticas; y los compositores&nbsp;<strong>Georg Friedrich Haas<\/strong>&nbsp;y&nbsp;<strong>Liza Lim<\/strong>, dos creadores que son hoy una aut\u00e9ntica referencia mundial por la audacia de su m\u00fasica y la riqueza de su cat\u00e1logo, lleno de innovaci\u00f3n y de creaciones destinadas a permanecer en la historia de la m\u00fasica del siglo XXI.&nbsp;<\/p>\n\n\n\n<p>Participar\u00e1n tambi\u00e9n en la bienal pensadores centrales del \u00e1mbito de la filosof\u00eda pol\u00edtica, el arte y el feminismo. Se pueden confirmar nombres como el de&nbsp;<strong>Boris Groys<\/strong>&nbsp;, fil\u00f3sofo, cr\u00edtico de arte y te\u00f3rico de los medios&nbsp;, una de las voces m\u00e1s escuchadas hoy y autor de t\u00edtulos cruciales, entre ellos&nbsp;<em>Filosof\u00eda del cuidado<\/em>, verdadero tratado sobre esta cuesti\u00f3n que lleva a preguntarse sobre la autonom\u00eda personal, la dependencia y la funci\u00f3n del Estado;&nbsp;<strong>Roberto Esposito<\/strong>, uno de los grandes fil\u00f3sofos europeos y co-fundador&nbsp;del&nbsp;<em>Centro para la Investigaci\u00f3n sobre el l\u00e9xico pol\u00edtico europeo<\/em>, autor de un proyecto filos\u00f3fico de gran alcance, expresado en obras que han abierto nuevos caminos, como&nbsp;<em>Communitas. Origen y destino de la comunidad<\/em>&nbsp;y&nbsp;<em>Comunidad, inmunidad, biopol\u00edtica<\/em>; la joven fil\u00f3sofa&nbsp;<strong>Maria Luciana&nbsp;Cadahia<\/strong>, buena conocedora&nbsp;de la tradici\u00f3n&nbsp;filos\u00f3fica occidental, cuenta con una poderosa mirada cr\u00edtica que hace expl\u00edcita en t\u00edtulos como&nbsp;<em>El c\u00edrculo m\u00e1gico del&nbsp;Estado: feminismo, populismo y antagonismo<\/em>, y, escrito junto a Paula Biglieri,&nbsp;<em>Siete ensayos sobre el populismo;&nbsp;<\/em>uno de los&nbsp;m\u00e1s audaces pensadores de la t\u00e9cnica y el&nbsp;individualismo de nuestros d\u00edas,&nbsp;<strong>Gerald Raunig<\/strong>,&nbsp;que ha analizado con agudeza la&nbsp;influencia de la m\u00e1quina y lo mec\u00e1nico en el desarrollo mental de los individuos y los sistemas pol\u00edticos, arraigados en caducas estructuras culturales que&nbsp;Raunig&nbsp;pone en entredicho en t\u00edtulos como&nbsp;<em>Dividuum,<\/em>&nbsp;<em>La maqu\u00ednica del arte pol\u00edtico<\/em>&nbsp;y&nbsp;<em>Mil m\u00e1quinas;<\/em>&nbsp;y la antrop\u00f3loga e ingeniera&nbsp;<strong>Yayo Herrero,<\/strong>&nbsp;una reconocida ecofeminista y activista social, creadora de una bibliograf\u00eda muy notable, como lo demuestran&nbsp;<em>Los cinco elementos<\/em>,&nbsp;<em>Toma de tierra<\/em>&nbsp;y&nbsp;<em>Educar para la sostenibilidad de la tierra<\/em>.<\/p>\n\n\n\n<p>Adem\u00e1s, se est\u00e1 trabajando en una programaci\u00f3n expandida que permita conectar, experimentar y reflexionar sobre los temas propuestos a trav\u00e9s de la expresi\u00f3n art\u00edstica.&nbsp;<\/p>\n\n\n\n<h2 class=\"wp-block-heading\"><strong>Programa de convivencia con la sociedad navarra&nbsp;<\/strong><\/h2>\n\n\n\n<p>Con el objetivo de que los Encuentros sean generadores de di\u00e1logo y pensamiento cr\u00edtico de forma sostenida en el tiempo y con impacto en toda Navarra, se desarrollar\u00e1 un programa de convivencia con la sociedad navarra en los \u00e1mbitos educativos, art\u00edsticos, cient\u00edficos y culturales.&nbsp;<\/p>\n\n\n\n<p>Este programa se concretar\u00e1 en acciones previas a la bienal poniendo en marcha una\u00a0<strong>Escuela de los Encuentros<\/strong>\u00a0dirigida a alumnado de centros docentes de Navarra para trabajar las grandes l\u00edneas de pensamiento y cultura que se abordar\u00e1n en la bienal a trav\u00e9s de talleres art\u00edsticos que\u00a0amalgamen la experimentaci\u00f3n, el pensamiento y el cruce de disciplinas, y a trav\u00e9s de una colaboraci\u00f3n con la\u00a0<strong>UPNA<\/strong> para ofrecer cursos de verano dirigidos al alumnado y ciudadan\u00eda en general previos a la bienal.\u00a0<\/p>\n\n\n\n<p>Asimismo, se propiciar\u00e1n encuentros entre las personas invitadas a los Encuentros, referentes internacionales de distintos campos del pensamiento, y sectores espec\u00edficos de la sociedad navarra en los \u00e1mbitos educativos, art\u00edsticos, culturales y cient\u00edficos durante los d\u00edas en los que se desarrollen los&nbsp;<strong>Encuentros de Pamplona \/ Iru\u00f1eko Topaketak 2024.&nbsp;<\/strong>Se promover\u00e1 tambi\u00e9n la itinerancia de las propuestas art\u00edsticas del programa a espacios culturales de Navarra.&nbsp;<\/p>\n\n\n\n<h2 class=\"wp-block-heading\"><strong>La memoria de los Encuentros<\/strong><\/h2>\n\n\n\n<p>Se consolida la convocatoria ya realizada en el 2022&nbsp;<strong>Memoria art\u00edstica de los Encuentros<\/strong>&nbsp;con el objetivo de que se lleven a cabo obras de nueva creaci\u00f3n basadas en las ideas y tem\u00e1ticas desarrolladas en los&nbsp;<strong>Encuentros de Pamplona 2024\/ Iru\u00f1eko Topaketak 2024<\/strong>.&nbsp;<\/p>\n\n\n\n<p>Adem\u00e1s, tras los&nbsp;<strong>Encuentros&nbsp;<\/strong>se llevar\u00e1 a cabo una&nbsp;<strong>Memoria Literaria<\/strong>&nbsp;que se concretar\u00e1 en una publicaci\u00f3n con cr\u00f3nicas y reflexiones sobre lo acontecido en los mismos. Ambas iniciativas se desarrollar\u00e1n a lo largo de 2025.<\/p>\n\n\n\n<h2 class=\"wp-block-heading\"><strong>Alianzas<\/strong><\/h2>\n\n\n\n<p>Uno de los objetivos de los&nbsp;<strong>Encuentros de Pamplona 2024\/ Iru\u00f1eko Topaketak 2024<\/strong>&nbsp;es continuar tejiendo alianzas con instituciones y agentes culturales tanto de Navarra como a nivel nacional.&nbsp;<\/p>\n\n\n\n<p>As\u00ed, adem\u00e1s del principal colaborador, Fundaci\u00f3n la Caixa, existe la voluntad mutua de colaboraci\u00f3n con el Ayuntamiento de Pamplona, Universidad P\u00fablica de Navarra y otras entidades culturales de la comunidad , como &nbsp;CACH (Centro de Arte Contempor\u00e1neo de Huarte), Museo Oteiza, la Escuela T\u00e9cnica Superior de Arquitectura Universidad de Navarra, entre otras, y con dos centros de referencia cultural estatal como son el CCCB&nbsp; (Centro de Cultura Contempor\u00e1nea de Barcelona) y el Centro de Cultura Contempor\u00e1nea Condeduque (Madrid).<\/p>\n","protected":false},"excerpt":{"rendered":"<p>La presentaci\u00f3n de los&nbsp;Encuentros de Pamplona 2024\/ Iru\u00f1eko Topaketak 2024&nbsp;que ha tenido lugar hoy&nbsp;14 de noviembre en Baluarte, Navarra consolida una bienal internacional de cultura,&nbsp;arte y pensamiento con un gran programa central que tendr\u00e1 lugar en Pamplona del&nbsp;3 al 13 octubre de 2024. Promovida por&nbsp;Gobierno de Navarra&nbsp;y organizada por&nbsp;Fundaci\u00f3n Baluarte&nbsp;con la colaboraci\u00f3n de&nbsp;Fundaci\u00f3n La Caixa,&hellip;&nbsp;<a href=\"https:\/\/www.losencuentrosdepamplona.com\/eu\/los-encuentros-de-pamplona-iruneko-topaketak-se-convierten-en-bienal-y-se-celebraran-del-3-al-13-de-octubre-de-2024\/\" rel=\"bookmark\">Read More &raquo;<span class=\"screen-reader-text\">Los Encuentros de Pamplona \/Iru\u00f1eko Topaketak se convierten en bienal y se celebrar\u00e1n del 3 al 13 de octubre de 2024<\/span><\/a><\/p>\n","protected":false},"author":1,"featured_media":1084,"comment_status":"open","ping_status":"open","sticky":false,"template":"","format":"standard","meta":{"_acf_changed":false,"_uag_custom_page_level_css":"","_monsterinsights_skip_tracking":false,"_monsterinsights_sitenote_active":false,"_monsterinsights_sitenote_note":"","_monsterinsights_sitenote_category":0,"neve_meta_sidebar":"","neve_meta_container":"","neve_meta_enable_content_width":"","neve_meta_content_width":0,"neve_meta_title_alignment":"","neve_meta_author_avatar":"","neve_post_elements_order":"","neve_meta_disable_header":"","neve_meta_disable_footer":"","neve_meta_disable_title":"","neve_meta_reading_time":"","footnotes":""},"categories":[33,1],"tags":[],"class_list":["post-1083","post","type-post","status-publish","format-standard","has-post-thumbnail","hentry","category-encuentros","category-sin-categorizar"],"acf":[],"yoast_head":"<!-- This site is optimized with the Yoast SEO plugin v23.5 - https:\/\/yoast.com\/wordpress\/plugins\/seo\/ -->\n<title>Los Encuentros de Pamplona \/Iru\u00f1eko Topaketak se convierten en bienal y se celebrar\u00e1n del 3 al 13 de octubre de 2024 - Encuentros de Pamplona \/ Iru\u00f1eko Topaketak<\/title>\n<meta name=\"robots\" content=\"index, follow, max-snippet:-1, max-image-preview:large, max-video-preview:-1\" \/>\n<link rel=\"canonical\" href=\"https:\/\/www.losencuentrosdepamplona.com\/en\/los-encuentros-de-pamplona-iruneko-topaketak-se-convierten-en-bienal-y-se-celebraran-del-3-al-13-de-octubre-de-2024\/\" \/>\n<meta property=\"og:locale\" content=\"eu_ES\" \/>\n<meta property=\"og:type\" content=\"article\" \/>\n<meta property=\"og:title\" content=\"Los Encuentros de Pamplona \/Iru\u00f1eko Topaketak se convierten en bienal y se celebrar\u00e1n del 3 al 13 de octubre de 2024 - Encuentros de Pamplona \/ Iru\u00f1eko Topaketak\" \/>\n<meta property=\"og:description\" content=\"La presentaci\u00f3n de los&nbsp;Encuentros de Pamplona 2024\/ Iru\u00f1eko Topaketak 2024&nbsp;que ha tenido lugar hoy&nbsp;14 de noviembre en Baluarte, Navarra consolida una bienal internacional de cultura,&nbsp;arte y pensamiento con un gran programa central que tendr\u00e1 lugar en Pamplona del&nbsp;3 al 13 octubre de 2024. Promovida por&nbsp;Gobierno de Navarra&nbsp;y organizada por&nbsp;Fundaci\u00f3n Baluarte&nbsp;con la colaboraci\u00f3n de&nbsp;Fundaci\u00f3n La Caixa,&hellip;&nbsp;Read More &raquo;Los Encuentros de Pamplona \/Iru\u00f1eko Topaketak se convierten en bienal y se celebrar\u00e1n del 3 al 13 de octubre de 2024\" \/>\n<meta property=\"og:url\" content=\"https:\/\/www.losencuentrosdepamplona.com\/en\/los-encuentros-de-pamplona-iruneko-topaketak-se-convierten-en-bienal-y-se-celebraran-del-3-al-13-de-octubre-de-2024\/\" \/>\n<meta property=\"og:site_name\" content=\"Encuentros de Pamplona \/ Iru\u00f1eko Topaketak\" \/>\n<meta property=\"article:publisher\" content=\"https:\/\/www.facebook.com\/encuentrosdepamplona\/\" \/>\n<meta property=\"article:published_time\" content=\"2023-11-14T14:35:00+00:00\" \/>\n<meta property=\"article:modified_time\" content=\"2024-03-11T09:09:22+00:00\" \/>\n<meta property=\"og:image\" content=\"https:\/\/www.losencuentrosdepamplona.com\/wp-content\/uploads\/2024\/03\/ENCUENTROS2024.webp\" \/>\n\t<meta property=\"og:image:width\" content=\"1600\" \/>\n\t<meta property=\"og:image:height\" content=\"1066\" \/>\n\t<meta property=\"og:image:type\" content=\"image\/webp\" \/>\n<meta name=\"author\" content=\"ec6eef2fcc\" \/>\n<meta name=\"twitter:card\" content=\"summary_large_image\" \/>\n<meta name=\"twitter:creator\" content=\"@encuentros2024\" \/>\n<meta name=\"twitter:site\" content=\"@encuentros2024\" \/>\n<meta name=\"twitter:label1\" content=\"Written by\" \/>\n\t<meta name=\"twitter:data1\" content=\"ec6eef2fcc\" \/>\n\t<meta name=\"twitter:label2\" content=\"Est. reading time\" \/>\n\t<meta name=\"twitter:data2\" content=\"8 minutes\" \/>\n<script type=\"application\/ld+json\" class=\"yoast-schema-graph\">{\"@context\":\"https:\/\/schema.org\",\"@graph\":[{\"@type\":\"NewsArticle\",\"@id\":\"https:\/\/www.losencuentrosdepamplona.com\/en\/los-encuentros-de-pamplona-iruneko-topaketak-se-convierten-en-bienal-y-se-celebraran-del-3-al-13-de-octubre-de-2024\/#article\",\"isPartOf\":{\"@id\":\"https:\/\/www.losencuentrosdepamplona.com\/en\/los-encuentros-de-pamplona-iruneko-topaketak-se-convierten-en-bienal-y-se-celebraran-del-3-al-13-de-octubre-de-2024\/\"},\"author\":{\"name\":\"ec6eef2fcc\",\"@id\":\"https:\/\/www.losencuentrosdepamplona.com\/#\/schema\/person\/f305b864c85a6cff8199df55add9433d\"},\"headline\":\"Los Encuentros de Pamplona \/Iru\u00f1eko Topaketak se convierten en bienal y se celebrar\u00e1n del 3 al 13 de octubre de 2024\",\"datePublished\":\"2023-11-14T14:35:00+00:00\",\"dateModified\":\"2024-03-11T09:09:22+00:00\",\"mainEntityOfPage\":{\"@id\":\"https:\/\/www.losencuentrosdepamplona.com\/en\/los-encuentros-de-pamplona-iruneko-topaketak-se-convierten-en-bienal-y-se-celebraran-del-3-al-13-de-octubre-de-2024\/\"},\"wordCount\":1718,\"commentCount\":0,\"publisher\":{\"@id\":\"https:\/\/www.losencuentrosdepamplona.com\/#organization\"},\"image\":{\"@id\":\"https:\/\/www.losencuentrosdepamplona.com\/en\/los-encuentros-de-pamplona-iruneko-topaketak-se-convierten-en-bienal-y-se-celebraran-del-3-al-13-de-octubre-de-2024\/#primaryimage\"},\"thumbnailUrl\":\"https:\/\/www.losencuentrosdepamplona.com\/wp-content\/uploads\/2024\/03\/ENCUENTROS2024.webp\",\"articleSection\":[\"Encuentros\",\"Sin categorizar\"],\"inLanguage\":\"eu-ES\",\"potentialAction\":[{\"@type\":\"CommentAction\",\"name\":\"Comment\",\"target\":[\"https:\/\/www.losencuentrosdepamplona.com\/en\/los-encuentros-de-pamplona-iruneko-topaketak-se-convierten-en-bienal-y-se-celebraran-del-3-al-13-de-octubre-de-2024\/#respond\"]}]},{\"@type\":[\"WebPage\",\"ItemPage\"],\"@id\":\"https:\/\/www.losencuentrosdepamplona.com\/en\/los-encuentros-de-pamplona-iruneko-topaketak-se-convierten-en-bienal-y-se-celebraran-del-3-al-13-de-octubre-de-2024\/\",\"url\":\"https:\/\/www.losencuentrosdepamplona.com\/en\/los-encuentros-de-pamplona-iruneko-topaketak-se-convierten-en-bienal-y-se-celebraran-del-3-al-13-de-octubre-de-2024\/\",\"name\":\"Los Encuentros de Pamplona \/Iru\u00f1eko Topaketak se convierten en bienal y se celebrar\u00e1n del 3 al 13 de octubre de 2024 - Encuentros de Pamplona \/ Iru\u00f1eko Topaketak\",\"isPartOf\":{\"@id\":\"https:\/\/www.losencuentrosdepamplona.com\/#website\"},\"primaryImageOfPage\":{\"@id\":\"https:\/\/www.losencuentrosdepamplona.com\/en\/los-encuentros-de-pamplona-iruneko-topaketak-se-convierten-en-bienal-y-se-celebraran-del-3-al-13-de-octubre-de-2024\/#primaryimage\"},\"image\":{\"@id\":\"https:\/\/www.losencuentrosdepamplona.com\/en\/los-encuentros-de-pamplona-iruneko-topaketak-se-convierten-en-bienal-y-se-celebraran-del-3-al-13-de-octubre-de-2024\/#primaryimage\"},\"thumbnailUrl\":\"https:\/\/www.losencuentrosdepamplona.com\/wp-content\/uploads\/2024\/03\/ENCUENTROS2024.webp\",\"datePublished\":\"2023-11-14T14:35:00+00:00\",\"dateModified\":\"2024-03-11T09:09:22+00:00\",\"breadcrumb\":{\"@id\":\"https:\/\/www.losencuentrosdepamplona.com\/en\/los-encuentros-de-pamplona-iruneko-topaketak-se-convierten-en-bienal-y-se-celebraran-del-3-al-13-de-octubre-de-2024\/#breadcrumb\"},\"inLanguage\":\"eu-ES\",\"potentialAction\":[{\"@type\":\"ReadAction\",\"target\":[\"https:\/\/www.losencuentrosdepamplona.com\/en\/los-encuentros-de-pamplona-iruneko-topaketak-se-convierten-en-bienal-y-se-celebraran-del-3-al-13-de-octubre-de-2024\/\"]}]},{\"@type\":\"ImageObject\",\"inLanguage\":\"eu-ES\",\"@id\":\"https:\/\/www.losencuentrosdepamplona.com\/en\/los-encuentros-de-pamplona-iruneko-topaketak-se-convierten-en-bienal-y-se-celebraran-del-3-al-13-de-octubre-de-2024\/#primaryimage\",\"url\":\"https:\/\/www.losencuentrosdepamplona.com\/wp-content\/uploads\/2024\/03\/ENCUENTROS2024.webp\",\"contentUrl\":\"https:\/\/www.losencuentrosdepamplona.com\/wp-content\/uploads\/2024\/03\/ENCUENTROS2024.webp\",\"width\":1600,\"height\":1066},{\"@type\":\"BreadcrumbList\",\"@id\":\"https:\/\/www.losencuentrosdepamplona.com\/en\/los-encuentros-de-pamplona-iruneko-topaketak-se-convierten-en-bienal-y-se-celebraran-del-3-al-13-de-octubre-de-2024\/#breadcrumb\",\"itemListElement\":[{\"@type\":\"ListItem\",\"position\":1,\"name\":\"Portada\",\"item\":\"https:\/\/www.losencuentrosdepamplona.com\/eu\/\"},{\"@type\":\"ListItem\",\"position\":2,\"name\":\"Los Encuentros de Pamplona \/Iru\u00f1eko Topaketak se convierten en bienal y se celebrar\u00e1n del 3 al 13 de octubre de 2024\"}]},{\"@type\":\"WebSite\",\"@id\":\"https:\/\/www.losencuentrosdepamplona.com\/#website\",\"url\":\"https:\/\/www.losencuentrosdepamplona.com\/\",\"name\":\"Encuentros de Pamplona \/ Iru\u00f1eko Topaketak\",\"description\":\"Bienal internacional de cultura, arte y pensamiento\",\"publisher\":{\"@id\":\"https:\/\/www.losencuentrosdepamplona.com\/#organization\"},\"potentialAction\":[{\"@type\":\"SearchAction\",\"target\":{\"@type\":\"EntryPoint\",\"urlTemplate\":\"https:\/\/www.losencuentrosdepamplona.com\/?s={search_term_string}\"},\"query-input\":{\"@type\":\"PropertyValueSpecification\",\"valueRequired\":true,\"valueName\":\"search_term_string\"}}],\"inLanguage\":\"eu-ES\"},{\"@type\":\"Organization\",\"@id\":\"https:\/\/www.losencuentrosdepamplona.com\/#organization\",\"name\":\"Encuentros de Pamplona \/ Iru\u00f1eko Topaketak\",\"url\":\"https:\/\/www.losencuentrosdepamplona.com\/\",\"logo\":{\"@type\":\"ImageObject\",\"inLanguage\":\"eu-ES\",\"@id\":\"https:\/\/www.losencuentrosdepamplona.com\/#\/schema\/logo\/image\/\",\"url\":\"https:\/\/www.losencuentrosdepamplona.com\/wp-content\/uploads\/2024\/02\/encuentros__mid-dark.svg\",\"contentUrl\":\"https:\/\/www.losencuentrosdepamplona.com\/wp-content\/uploads\/2024\/02\/encuentros__mid-dark.svg\",\"width\":1103,\"height\":294,\"caption\":\"Encuentros de Pamplona \/ Iru\u00f1eko Topaketak\"},\"image\":{\"@id\":\"https:\/\/www.losencuentrosdepamplona.com\/#\/schema\/logo\/image\/\"},\"sameAs\":[\"https:\/\/www.facebook.com\/encuentrosdepamplona\/\",\"https:\/\/x.com\/encuentros2024\",\"https:\/\/www.instagram.com\/losencuentrosdepamplona\/?hl=es\"]},{\"@type\":\"Person\",\"@id\":\"https:\/\/www.losencuentrosdepamplona.com\/#\/schema\/person\/f305b864c85a6cff8199df55add9433d\",\"name\":\"ec6eef2fcc\",\"image\":{\"@type\":\"ImageObject\",\"inLanguage\":\"eu-ES\",\"@id\":\"https:\/\/www.losencuentrosdepamplona.com\/#\/schema\/person\/image\/\",\"url\":\"https:\/\/secure.gravatar.com\/avatar\/58b355f20f8b904ac772fc77e35be8cfde294cf1aa6970ee58dc11189f83f8f9?s=96&d=mm&r=g\",\"contentUrl\":\"https:\/\/secure.gravatar.com\/avatar\/58b355f20f8b904ac772fc77e35be8cfde294cf1aa6970ee58dc11189f83f8f9?s=96&d=mm&r=g\",\"caption\":\"ec6eef2fcc\"},\"sameAs\":[\"http:\/\/www.cabinet.es\/encuentros\"],\"url\":\"https:\/\/www.losencuentrosdepamplona.com\/eu\/author\/ec6eef2fcc\/\"}]}<\/script>\n<!-- \/ Yoast SEO plugin. -->","yoast_head_json":{"title":"Los Encuentros de Pamplona \/Iru\u00f1eko Topaketak se convierten en bienal y se celebrar\u00e1n del 3 al 13 de octubre de 2024 - Encuentros de Pamplona \/ Iru\u00f1eko Topaketak","robots":{"index":"index","follow":"follow","max-snippet":"max-snippet:-1","max-image-preview":"max-image-preview:large","max-video-preview":"max-video-preview:-1"},"canonical":"https:\/\/www.losencuentrosdepamplona.com\/en\/los-encuentros-de-pamplona-iruneko-topaketak-se-convierten-en-bienal-y-se-celebraran-del-3-al-13-de-octubre-de-2024\/","og_locale":"eu_ES","og_type":"article","og_title":"Los Encuentros de Pamplona \/Iru\u00f1eko Topaketak se convierten en bienal y se celebrar\u00e1n del 3 al 13 de octubre de 2024 - Encuentros de Pamplona \/ Iru\u00f1eko Topaketak","og_description":"La presentaci\u00f3n de los&nbsp;Encuentros de Pamplona 2024\/ Iru\u00f1eko Topaketak 2024&nbsp;que ha tenido lugar hoy&nbsp;14 de noviembre en Baluarte, Navarra consolida una bienal internacional de cultura,&nbsp;arte y pensamiento con un gran programa central que tendr\u00e1 lugar en Pamplona del&nbsp;3 al 13 octubre de 2024. Promovida por&nbsp;Gobierno de Navarra&nbsp;y organizada por&nbsp;Fundaci\u00f3n Baluarte&nbsp;con la colaboraci\u00f3n de&nbsp;Fundaci\u00f3n La Caixa,&hellip;&nbsp;Read More &raquo;Los Encuentros de Pamplona \/Iru\u00f1eko Topaketak se convierten en bienal y se celebrar\u00e1n del 3 al 13 de octubre de 2024","og_url":"https:\/\/www.losencuentrosdepamplona.com\/en\/los-encuentros-de-pamplona-iruneko-topaketak-se-convierten-en-bienal-y-se-celebraran-del-3-al-13-de-octubre-de-2024\/","og_site_name":"Encuentros de Pamplona \/ Iru\u00f1eko Topaketak","article_publisher":"https:\/\/www.facebook.com\/encuentrosdepamplona\/","article_published_time":"2023-11-14T14:35:00+00:00","article_modified_time":"2024-03-11T09:09:22+00:00","og_image":[{"width":1600,"height":1066,"url":"https:\/\/www.losencuentrosdepamplona.com\/wp-content\/uploads\/2024\/03\/ENCUENTROS2024.webp","type":"image\/webp"}],"author":"ec6eef2fcc","twitter_card":"summary_large_image","twitter_creator":"@encuentros2024","twitter_site":"@encuentros2024","twitter_misc":{"Written by":"ec6eef2fcc","Est. reading time":"8 minutes"},"schema":{"@context":"https:\/\/schema.org","@graph":[{"@type":"NewsArticle","@id":"https:\/\/www.losencuentrosdepamplona.com\/en\/los-encuentros-de-pamplona-iruneko-topaketak-se-convierten-en-bienal-y-se-celebraran-del-3-al-13-de-octubre-de-2024\/#article","isPartOf":{"@id":"https:\/\/www.losencuentrosdepamplona.com\/en\/los-encuentros-de-pamplona-iruneko-topaketak-se-convierten-en-bienal-y-se-celebraran-del-3-al-13-de-octubre-de-2024\/"},"author":{"name":"ec6eef2fcc","@id":"https:\/\/www.losencuentrosdepamplona.com\/#\/schema\/person\/f305b864c85a6cff8199df55add9433d"},"headline":"Los Encuentros de Pamplona \/Iru\u00f1eko Topaketak se convierten en bienal y se celebrar\u00e1n del 3 al 13 de octubre de 2024","datePublished":"2023-11-14T14:35:00+00:00","dateModified":"2024-03-11T09:09:22+00:00","mainEntityOfPage":{"@id":"https:\/\/www.losencuentrosdepamplona.com\/en\/los-encuentros-de-pamplona-iruneko-topaketak-se-convierten-en-bienal-y-se-celebraran-del-3-al-13-de-octubre-de-2024\/"},"wordCount":1718,"commentCount":0,"publisher":{"@id":"https:\/\/www.losencuentrosdepamplona.com\/#organization"},"image":{"@id":"https:\/\/www.losencuentrosdepamplona.com\/en\/los-encuentros-de-pamplona-iruneko-topaketak-se-convierten-en-bienal-y-se-celebraran-del-3-al-13-de-octubre-de-2024\/#primaryimage"},"thumbnailUrl":"https:\/\/www.losencuentrosdepamplona.com\/wp-content\/uploads\/2024\/03\/ENCUENTROS2024.webp","articleSection":["Encuentros","Sin categorizar"],"inLanguage":"eu-ES","potentialAction":[{"@type":"CommentAction","name":"Comment","target":["https:\/\/www.losencuentrosdepamplona.com\/en\/los-encuentros-de-pamplona-iruneko-topaketak-se-convierten-en-bienal-y-se-celebraran-del-3-al-13-de-octubre-de-2024\/#respond"]}]},{"@type":["WebPage","ItemPage"],"@id":"https:\/\/www.losencuentrosdepamplona.com\/en\/los-encuentros-de-pamplona-iruneko-topaketak-se-convierten-en-bienal-y-se-celebraran-del-3-al-13-de-octubre-de-2024\/","url":"https:\/\/www.losencuentrosdepamplona.com\/en\/los-encuentros-de-pamplona-iruneko-topaketak-se-convierten-en-bienal-y-se-celebraran-del-3-al-13-de-octubre-de-2024\/","name":"Los Encuentros de Pamplona \/Iru\u00f1eko Topaketak se convierten en bienal y se celebrar\u00e1n del 3 al 13 de octubre de 2024 - Encuentros de Pamplona \/ Iru\u00f1eko Topaketak","isPartOf":{"@id":"https:\/\/www.losencuentrosdepamplona.com\/#website"},"primaryImageOfPage":{"@id":"https:\/\/www.losencuentrosdepamplona.com\/en\/los-encuentros-de-pamplona-iruneko-topaketak-se-convierten-en-bienal-y-se-celebraran-del-3-al-13-de-octubre-de-2024\/#primaryimage"},"image":{"@id":"https:\/\/www.losencuentrosdepamplona.com\/en\/los-encuentros-de-pamplona-iruneko-topaketak-se-convierten-en-bienal-y-se-celebraran-del-3-al-13-de-octubre-de-2024\/#primaryimage"},"thumbnailUrl":"https:\/\/www.losencuentrosdepamplona.com\/wp-content\/uploads\/2024\/03\/ENCUENTROS2024.webp","datePublished":"2023-11-14T14:35:00+00:00","dateModified":"2024-03-11T09:09:22+00:00","breadcrumb":{"@id":"https:\/\/www.losencuentrosdepamplona.com\/en\/los-encuentros-de-pamplona-iruneko-topaketak-se-convierten-en-bienal-y-se-celebraran-del-3-al-13-de-octubre-de-2024\/#breadcrumb"},"inLanguage":"eu-ES","potentialAction":[{"@type":"ReadAction","target":["https:\/\/www.losencuentrosdepamplona.com\/en\/los-encuentros-de-pamplona-iruneko-topaketak-se-convierten-en-bienal-y-se-celebraran-del-3-al-13-de-octubre-de-2024\/"]}]},{"@type":"ImageObject","inLanguage":"eu-ES","@id":"https:\/\/www.losencuentrosdepamplona.com\/en\/los-encuentros-de-pamplona-iruneko-topaketak-se-convierten-en-bienal-y-se-celebraran-del-3-al-13-de-octubre-de-2024\/#primaryimage","url":"https:\/\/www.losencuentrosdepamplona.com\/wp-content\/uploads\/2024\/03\/ENCUENTROS2024.webp","contentUrl":"https:\/\/www.losencuentrosdepamplona.com\/wp-content\/uploads\/2024\/03\/ENCUENTROS2024.webp","width":1600,"height":1066},{"@type":"BreadcrumbList","@id":"https:\/\/www.losencuentrosdepamplona.com\/en\/los-encuentros-de-pamplona-iruneko-topaketak-se-convierten-en-bienal-y-se-celebraran-del-3-al-13-de-octubre-de-2024\/#breadcrumb","itemListElement":[{"@type":"ListItem","position":1,"name":"Portada","item":"https:\/\/www.losencuentrosdepamplona.com\/eu\/"},{"@type":"ListItem","position":2,"name":"Los Encuentros de Pamplona \/Iru\u00f1eko Topaketak se convierten en bienal y se celebrar\u00e1n del 3 al 13 de octubre de 2024"}]},{"@type":"WebSite","@id":"https:\/\/www.losencuentrosdepamplona.com\/#website","url":"https:\/\/www.losencuentrosdepamplona.com\/","name":"Encuentros de Pamplona \/ Iru\u00f1eko Topaketak","description":"Bienal internacional de cultura, arte y pensamiento","publisher":{"@id":"https:\/\/www.losencuentrosdepamplona.com\/#organization"},"potentialAction":[{"@type":"SearchAction","target":{"@type":"EntryPoint","urlTemplate":"https:\/\/www.losencuentrosdepamplona.com\/?s={search_term_string}"},"query-input":{"@type":"PropertyValueSpecification","valueRequired":true,"valueName":"search_term_string"}}],"inLanguage":"eu-ES"},{"@type":"Organization","@id":"https:\/\/www.losencuentrosdepamplona.com\/#organization","name":"Encuentros de Pamplona \/ Iru\u00f1eko Topaketak","url":"https:\/\/www.losencuentrosdepamplona.com\/","logo":{"@type":"ImageObject","inLanguage":"eu-ES","@id":"https:\/\/www.losencuentrosdepamplona.com\/#\/schema\/logo\/image\/","url":"https:\/\/www.losencuentrosdepamplona.com\/wp-content\/uploads\/2024\/02\/encuentros__mid-dark.svg","contentUrl":"https:\/\/www.losencuentrosdepamplona.com\/wp-content\/uploads\/2024\/02\/encuentros__mid-dark.svg","width":1103,"height":294,"caption":"Encuentros de Pamplona \/ Iru\u00f1eko Topaketak"},"image":{"@id":"https:\/\/www.losencuentrosdepamplona.com\/#\/schema\/logo\/image\/"},"sameAs":["https:\/\/www.facebook.com\/encuentrosdepamplona\/","https:\/\/x.com\/encuentros2024","https:\/\/www.instagram.com\/losencuentrosdepamplona\/?hl=es"]},{"@type":"Person","@id":"https:\/\/www.losencuentrosdepamplona.com\/#\/schema\/person\/f305b864c85a6cff8199df55add9433d","name":"ec6eef2fcc","image":{"@type":"ImageObject","inLanguage":"eu-ES","@id":"https:\/\/www.losencuentrosdepamplona.com\/#\/schema\/person\/image\/","url":"https:\/\/secure.gravatar.com\/avatar\/58b355f20f8b904ac772fc77e35be8cfde294cf1aa6970ee58dc11189f83f8f9?s=96&d=mm&r=g","contentUrl":"https:\/\/secure.gravatar.com\/avatar\/58b355f20f8b904ac772fc77e35be8cfde294cf1aa6970ee58dc11189f83f8f9?s=96&d=mm&r=g","caption":"ec6eef2fcc"},"sameAs":["http:\/\/www.cabinet.es\/encuentros"],"url":"https:\/\/www.losencuentrosdepamplona.com\/eu\/author\/ec6eef2fcc\/"}]}},"uagb_featured_image_src":{"full":["https:\/\/www.losencuentrosdepamplona.com\/wp-content\/uploads\/2024\/03\/ENCUENTROS2024.webp",1600,1066,false],"thumbnail":["https:\/\/www.losencuentrosdepamplona.com\/wp-content\/uploads\/2024\/03\/ENCUENTROS2024-150x150.webp",150,150,true],"medium":["https:\/\/www.losencuentrosdepamplona.com\/wp-content\/uploads\/2024\/03\/ENCUENTROS2024-300x200.webp",300,200,true],"medium_large":["https:\/\/www.losencuentrosdepamplona.com\/wp-content\/uploads\/2024\/03\/ENCUENTROS2024-768x512.webp",768,512,true],"large":["https:\/\/www.losencuentrosdepamplona.com\/wp-content\/uploads\/2024\/03\/ENCUENTROS2024-1024x682.webp",1024,682,true],"thumblist":["https:\/\/www.losencuentrosdepamplona.com\/wp-content\/uploads\/2024\/03\/ENCUENTROS2024.webp",300,200,false],"thumbrelated":["https:\/\/www.losencuentrosdepamplona.com\/wp-content\/uploads\/2024\/03\/ENCUENTROS2024.webp",500,333,false],"meccarouselthumb":["https:\/\/www.losencuentrosdepamplona.com\/wp-content\/uploads\/2024\/03\/ENCUENTROS2024.webp",474,316,false],"gridsquare":["https:\/\/www.losencuentrosdepamplona.com\/wp-content\/uploads\/2024\/03\/ENCUENTROS2024.webp",391,260,false],"tileview":["https:\/\/www.losencuentrosdepamplona.com\/wp-content\/uploads\/2024\/03\/ENCUENTROS2024.webp",300,200,false],"1536x1536":["https:\/\/www.losencuentrosdepamplona.com\/wp-content\/uploads\/2024\/03\/ENCUENTROS2024-1536x1023.webp",1536,1023,true],"2048x2048":["https:\/\/www.losencuentrosdepamplona.com\/wp-content\/uploads\/2024\/03\/ENCUENTROS2024.webp",1600,1066,false],"neve-blog":["https:\/\/www.losencuentrosdepamplona.com\/wp-content\/uploads\/2024\/03\/ENCUENTROS2024-930x620.webp",930,620,true]},"uagb_author_info":{"display_name":"ec6eef2fcc","author_link":"https:\/\/www.losencuentrosdepamplona.com\/eu\/author\/ec6eef2fcc\/"},"uagb_comment_info":0,"uagb_excerpt":"La presentaci\u00f3n de los&nbsp;Encuentros de Pamplona 2024\/ Iru\u00f1eko Topaketak 2024&nbsp;que ha tenido lugar hoy&nbsp;14 de noviembre en Baluarte, Navarra consolida una bienal internacional de cultura,&nbsp;arte y pensamiento con un gran programa central que tendr\u00e1 lugar en Pamplona del&nbsp;3 al 13 octubre de 2024. Promovida por&nbsp;Gobierno de Navarra&nbsp;y organizada por&nbsp;Fundaci\u00f3n Baluarte&nbsp;con la colaboraci\u00f3n de&nbsp;Fundaci\u00f3n La Caixa,&hellip;&nbsp;Read&hellip;","_links":{"self":[{"href":"https:\/\/www.losencuentrosdepamplona.com\/eu\/wp-json\/wp\/v2\/posts\/1083","targetHints":{"allow":["GET"]}}],"collection":[{"href":"https:\/\/www.losencuentrosdepamplona.com\/eu\/wp-json\/wp\/v2\/posts"}],"about":[{"href":"https:\/\/www.losencuentrosdepamplona.com\/eu\/wp-json\/wp\/v2\/types\/post"}],"author":[{"embeddable":true,"href":"https:\/\/www.losencuentrosdepamplona.com\/eu\/wp-json\/wp\/v2\/users\/1"}],"replies":[{"embeddable":true,"href":"https:\/\/www.losencuentrosdepamplona.com\/eu\/wp-json\/wp\/v2\/comments?post=1083"}],"version-history":[{"count":0,"href":"https:\/\/www.losencuentrosdepamplona.com\/eu\/wp-json\/wp\/v2\/posts\/1083\/revisions"}],"wp:featuredmedia":[{"embeddable":true,"href":"https:\/\/www.losencuentrosdepamplona.com\/eu\/wp-json\/wp\/v2\/media\/1084"}],"wp:attachment":[{"href":"https:\/\/www.losencuentrosdepamplona.com\/eu\/wp-json\/wp\/v2\/media?parent=1083"}],"wp:term":[{"taxonomy":"category","embeddable":true,"href":"https:\/\/www.losencuentrosdepamplona.com\/eu\/wp-json\/wp\/v2\/categories?post=1083"},{"taxonomy":"post_tag","embeddable":true,"href":"https:\/\/www.losencuentrosdepamplona.com\/eu\/wp-json\/wp\/v2\/tags?post=1083"}],"curies":[{"name":"wp","href":"https:\/\/api.w.org\/{rel}","templated":true}]}}