{"id":1935,"date":"2024-03-11T10:16:33","date_gmt":"2024-03-11T09:16:33","guid":{"rendered":"https:\/\/www.losencuentrosdepamplona.com\/?p=1935"},"modified":"2024-03-11T10:16:34","modified_gmt":"2024-03-11T09:16:34","slug":"la-bienal-internacional-encuentros-de-pamplona-iruneko-topaketak-2024-en-arcomadrid","status":"publish","type":"post","link":"https:\/\/www.losencuentrosdepamplona.com\/eu\/la-bienal-internacional-encuentros-de-pamplona-iruneko-topaketak-2024-en-arcomadrid\/","title":{"rendered":"La bienal internacional\u00a0Encuentros de Pamplona-Iru\u00f1eko Topaketak\u00a02024 en ARCOMadrid"},"content":{"rendered":"\n<p><em>El comisario del programa, el poeta y ensayista Ram\u00f3n Andr\u00e9s, ha presentado las l\u00edneas principales de esta bienal internacional de cultura, arte y pensamiento y del programa 2024.<\/em><\/p>\n\n\n\n<p><em>La artista visual Eva Lootz, autora del cartel de esta nueva edici\u00f3n de los Encuentros, ha desgranado el origen de una obra singular y de gran personalidad.<\/em><\/p>\n\n\n\n<p><em>Promovido por Gobierno de Navarra, referentes internacionales de la literatura, la filosof\u00eda, la ciencia, el arte y la m\u00fasica llevar\u00e1n a Pamplona, entre el 3 y el 13 de octubre, un enriquecedor intercambio de opiniones, y una voluntad de concordia y disfrute<\/em><\/p>\n\n\n\n<p>Esta&nbsp;s\u00e1bado 9 de marzo&nbsp;ha tenido lugar en Madrid la presentaci\u00f3n de los&nbsp;<strong><em>Encuentros de Pamplona<\/em>&nbsp;\/<em>Iru\u00f1eko Topaketak 2024&nbsp;<\/em><\/strong>en el marco de la Feria Internacional de Arte Contempor\u00e1neo ARCO.&nbsp;Promovidos por&nbsp;<strong>Gobierno de Navarra<\/strong>, organizados por&nbsp;<strong>Fundaci\u00f3n Baluarte<\/strong>&nbsp;bajo la direcci\u00f3n de programa del pensador y poeta&nbsp;<strong>Ram\u00f3n Andr\u00e9s<\/strong>&nbsp;y&nbsp;con el apoyo de&nbsp;Fundaci\u00f3n \u201cla Caixa\u201d,&nbsp;la colaboraci\u00f3n del&nbsp;Ayuntamiento de Pamplona&nbsp;y de numerosas instituciones culturales navarras, los&nbsp;<strong><em>Encuentros de Pamplona-Iru\u00f1eko Topaketak&nbsp;<\/em><\/strong>son una llamada al saber, a la concordia y al disfrute a partir de la confluencia de artistas, escritores y pensadores.<\/p>\n\n\n\n<p>La programaci\u00f3n central de la bienal tendr\u00e1 lugar del&nbsp;<strong>3 al 13 de octubre<\/strong>&nbsp;en&nbsp;<strong>Pamplona&nbsp;<\/strong>y desarrolla una serie de itinerarios, que se unen conceptualmente, en los que transitar por el arte, la filosof\u00eda; la literatura; la m\u00fasica contempor\u00e1nea, la ecolog\u00eda, el feminismo, los or\u00edgenes y las migraciones y el cine.<\/p>\n\n\n\n<p>Durante la presentaci\u00f3n, el<strong>&nbsp;Director General de Cultura-Instituci\u00f3n Pr\u00edncipe de Viana<\/strong>,&nbsp;<strong>I\u00f1aki Apeztegu\u00eda<\/strong>,&nbsp;destac\u00f3&nbsp;la dimensi\u00f3n internacional de un programa que consolida su presencia como bienal y que busca fomentar el encuentro con grandes personalidades del pensamiento y la creaci\u00f3n cultural y art\u00edstica, para propiciar di\u00e1logo y pensamiento cr\u00edtico, a la vez que refuerza su car\u00e1cter enraizado en la ciudad de Pamplona y en el territorio de Navarra.&nbsp;<\/p>\n\n\n\n<p>El programa contar\u00e1 como sede principal con el Palacio de Congresos y Auditorio de Navarra, Baluarte, aunque tambi\u00e9n se expandir\u00e1n actividades culturales y art\u00edsticas a otros espacios y al espacio p\u00fablico y se propiciar\u00e1 que pensadoras y pensadores y artistas puedan dialogar con colectivos y ciudadan\u00eda durante su estancia en nuestra comunidad.<\/p>\n\n\n\n<p>Con una asistencia superior a los 12.000 visitantes, tras&nbsp; enorme \u00e9xito de la edici\u00f3n de 2022 y el impacto positivo que ha tenido en la ciudadan\u00eda y el territorio, el&nbsp;&nbsp;<strong>Gobierno de Navarra<\/strong>&nbsp;y&nbsp;<strong>Fundaci\u00f3n Baluarte<\/strong>&nbsp;han convertido&nbsp; los&nbsp;<em>Encuentros de Pamplona\/ Iru\u00f1eko Topaketak<\/em>&nbsp;en una bienal internacional de cultura, arte y pensamiento. \u201c<em>Un encuentro donde plantear las cuestiones m\u00e1s certeras para orientarnos en la contemporaneidad, siempre a partir de la reflexi\u00f3n y asidos a la incontestable fuerza de las artes, a su poder para sumergirnos hasta el sentido m\u00e1s radical de sus preguntas<\/em>\u201d, en palabras de&nbsp;<strong>Ram\u00f3n Andr\u00e9s<\/strong>.&nbsp;<\/p>\n\n\n\n<p>De ah\u00ed la importancia de solicitar un cartel que, a su vez, es tambi\u00e9n una obra de arte. En la edici\u00f3n de 2022, esta tarea fue encomendada a&nbsp;<strong>Frederic Amat.&nbsp;<\/strong>&nbsp;En esta nueva edici\u00f3n a&nbsp;<strong>Eva Lootz<\/strong>. En palabras de esta artista visual, Premio Nacional de Artes Pl\u00e1sticas 1994 cuya obra se encuentra en instituciones como el Museo Nacional Centro de Arte Reina Sof\u00eda, MACBA, el Chase Manhattan Bank, la Fundaci\u00f3n Juan March, Artium-Museo Vasco de Arte Contempor\u00e1neo y el Museo Patio Herreriano,&nbsp;<em>\u201chacer estos dibujos en el fondo me conectaba con los fundamentos de la racionalidad. Comprendo los tres c\u00edrculos grandes como el arte, la ciencia y el pensamiento, y el c\u00edrculo peque\u00f1o como el duende que salta de uno a otro y hace que arte, ciencia y pensamiento se fertilicen mutuamente\u201d.<\/em><\/p>\n\n\n\n<p>La presentaci\u00f3n se&nbsp;desarroll\u00f3&nbsp;como un di\u00e1logo entre el director del programa,&nbsp;<strong>Ram\u00f3n Andr\u00e9s<\/strong>, y la investigadora y periodista cultural&nbsp;<strong>Berta Ares<\/strong>, subdirectora de los Encuentros.&nbsp;En palabras de Ram\u00f3n Andr\u00e9s \u201c<em>la bienal va mucho m\u00e1s all\u00e1 de un festival literario y de pensamiento, sino que es un destello de propuestas: performances art\u00edsticas, exposiciones, m\u00fasica contempor\u00e1nea, artes esc\u00e9nicas, di\u00e1logos y debates, talleres y actividades de mediaci\u00f3n con instituciones<\/em>\u201d, mientras que la periodista cultural&nbsp;ha destacado \u201c<em>la voluntad de la bienal de despertar, agitar y estimular la capacidad de asombro, ese&nbsp;impulso despierto y vivo que incita a la continua pregunta<\/em>\u201d.&nbsp;<\/p>\n\n\n\n<p>Asimismo,&nbsp;facilitaron&nbsp;algunos de los nombres de los participantes que corroboran esta interdisciplinariedad, como \u201cla artista visual&nbsp;<strong>Joan Jonas<\/strong>, los pensadores y cr\u00edticos de arte&nbsp;<strong>Boris Groys<\/strong>&nbsp;y&nbsp;<strong>Gerald Raunig<\/strong>,&nbsp;los escritores&nbsp;<strong>Herta M\u00fcller<\/strong>y&nbsp;<strong>Pascal Quignard<\/strong>, los cineastas&nbsp;<strong>B\u00e9la Tarr<\/strong>&nbsp;y&nbsp;<strong>Apichatpong Weerasethakul<\/strong>,&nbsp;los compositores&nbsp;<strong>Georg Friedrich Haas<\/strong>&nbsp;y&nbsp;<strong>Liza Lim<\/strong>,&nbsp;&nbsp;el creador de New Media&nbsp;<strong>Daito Manabe<\/strong>,<strong>&nbsp;<\/strong>la comisaria&nbsp;<strong>M\u00f3nica Bello<\/strong>,&nbsp;el cient\u00edfico&nbsp;<strong>Stefano Mancuso<\/strong>, la te\u00f3rica del feminismo&nbsp;<strong>Sara Ahmed<\/strong>&nbsp;y la economista activista por el decrecimiento&nbsp;<strong>H\u00e9l\u00e8ne Tordjman<\/strong>, entre muchos otros\u201d.<\/p>\n","protected":false},"excerpt":{"rendered":"<p>El comisario del programa, el poeta y ensayista Ram\u00f3n Andr\u00e9s, ha presentado las l\u00edneas principales de esta bienal internacional de cultura, arte y pensamiento y del programa 2024.<\/p>\n","protected":false},"author":1,"featured_media":1936,"comment_status":"open","ping_status":"open","sticky":false,"template":"","format":"standard","meta":{"_acf_changed":false,"_uag_custom_page_level_css":"","_monsterinsights_skip_tracking":false,"_monsterinsights_sitenote_active":false,"_monsterinsights_sitenote_note":"","_monsterinsights_sitenote_category":0,"neve_meta_sidebar":"","neve_meta_container":"","neve_meta_enable_content_width":"","neve_meta_content_width":0,"neve_meta_title_alignment":"","neve_meta_author_avatar":"","neve_post_elements_order":"","neve_meta_disable_header":"","neve_meta_disable_footer":"","neve_meta_disable_title":"","neve_meta_reading_time":"","footnotes":""},"categories":[33],"tags":[],"class_list":["post-1935","post","type-post","status-publish","format-standard","has-post-thumbnail","hentry","category-encuentros"],"acf":[],"yoast_head":"<!-- This site is optimized with the Yoast SEO plugin v23.5 - https:\/\/yoast.com\/wordpress\/plugins\/seo\/ -->\n<title>La bienal internacional\u00a0Encuentros de Pamplona-Iru\u00f1eko Topaketak\u00a02024 en ARCOMadrid - Encuentros de Pamplona \/ Iru\u00f1eko Topaketak<\/title>\n<meta name=\"robots\" content=\"index, follow, max-snippet:-1, max-image-preview:large, max-video-preview:-1\" \/>\n<link rel=\"canonical\" href=\"https:\/\/www.losencuentrosdepamplona.com\/la-bienal-internacional-encuentros-de-pamplona-iruneko-topaketak-2024-en-arcomadrid\/\" \/>\n<meta property=\"og:locale\" content=\"eu_ES\" \/>\n<meta property=\"og:type\" content=\"article\" \/>\n<meta property=\"og:title\" content=\"La bienal internacional\u00a0Encuentros de Pamplona-Iru\u00f1eko Topaketak\u00a02024 en ARCOMadrid - Encuentros de Pamplona \/ Iru\u00f1eko Topaketak\" \/>\n<meta property=\"og:description\" content=\"El comisario del programa, el poeta y ensayista Ram\u00f3n Andr\u00e9s, ha presentado las l\u00edneas principales de esta bienal internacional de cultura, arte y pensamiento y del programa 2024.\" \/>\n<meta property=\"og:url\" content=\"https:\/\/www.losencuentrosdepamplona.com\/la-bienal-internacional-encuentros-de-pamplona-iruneko-topaketak-2024-en-arcomadrid\/\" \/>\n<meta property=\"og:site_name\" content=\"Encuentros de Pamplona \/ Iru\u00f1eko Topaketak\" \/>\n<meta property=\"article:publisher\" content=\"https:\/\/www.facebook.com\/encuentrosdepamplona\/\" \/>\n<meta property=\"article:published_time\" content=\"2024-03-11T09:16:33+00:00\" \/>\n<meta property=\"article:modified_time\" content=\"2024-03-11T09:16:34+00:00\" \/>\n<meta property=\"og:image\" content=\"https:\/\/www.losencuentrosdepamplona.com\/wp-content\/uploads\/2024\/03\/Presentacion-ARCO-Los-Encuentros.jpg\" \/>\n\t<meta property=\"og:image:width\" content=\"1200\" \/>\n\t<meta property=\"og:image:height\" content=\"919\" \/>\n\t<meta property=\"og:image:type\" content=\"image\/jpeg\" \/>\n<meta name=\"author\" content=\"ec6eef2fcc\" \/>\n<meta name=\"twitter:card\" content=\"summary_large_image\" \/>\n<meta name=\"twitter:creator\" content=\"@encuentros2024\" \/>\n<meta name=\"twitter:site\" content=\"@encuentros2024\" \/>\n<meta name=\"twitter:label1\" content=\"Written by\" \/>\n\t<meta name=\"twitter:data1\" content=\"ec6eef2fcc\" \/>\n\t<meta name=\"twitter:label2\" content=\"Est. reading time\" \/>\n\t<meta name=\"twitter:data2\" content=\"5 minutes\" \/>\n<script type=\"application\/ld+json\" class=\"yoast-schema-graph\">{\"@context\":\"https:\/\/schema.org\",\"@graph\":[{\"@type\":\"NewsArticle\",\"@id\":\"https:\/\/www.losencuentrosdepamplona.com\/la-bienal-internacional-encuentros-de-pamplona-iruneko-topaketak-2024-en-arcomadrid\/#article\",\"isPartOf\":{\"@id\":\"https:\/\/www.losencuentrosdepamplona.com\/la-bienal-internacional-encuentros-de-pamplona-iruneko-topaketak-2024-en-arcomadrid\/\"},\"author\":{\"name\":\"ec6eef2fcc\",\"@id\":\"https:\/\/www.losencuentrosdepamplona.com\/#\/schema\/person\/f305b864c85a6cff8199df55add9433d\"},\"headline\":\"La bienal internacional\u00a0Encuentros de Pamplona-Iru\u00f1eko Topaketak\u00a02024 en ARCOMadrid\",\"datePublished\":\"2024-03-11T09:16:33+00:00\",\"dateModified\":\"2024-03-11T09:16:34+00:00\",\"mainEntityOfPage\":{\"@id\":\"https:\/\/www.losencuentrosdepamplona.com\/la-bienal-internacional-encuentros-de-pamplona-iruneko-topaketak-2024-en-arcomadrid\/\"},\"wordCount\":938,\"commentCount\":0,\"publisher\":{\"@id\":\"https:\/\/www.losencuentrosdepamplona.com\/#organization\"},\"image\":{\"@id\":\"https:\/\/www.losencuentrosdepamplona.com\/la-bienal-internacional-encuentros-de-pamplona-iruneko-topaketak-2024-en-arcomadrid\/#primaryimage\"},\"thumbnailUrl\":\"https:\/\/www.losencuentrosdepamplona.com\/wp-content\/uploads\/2024\/03\/Presentacion-ARCO-Los-Encuentros.jpg\",\"articleSection\":[\"Encuentros\"],\"inLanguage\":\"eu-ES\",\"potentialAction\":[{\"@type\":\"CommentAction\",\"name\":\"Comment\",\"target\":[\"https:\/\/www.losencuentrosdepamplona.com\/la-bienal-internacional-encuentros-de-pamplona-iruneko-topaketak-2024-en-arcomadrid\/#respond\"]}]},{\"@type\":[\"WebPage\",\"ItemPage\"],\"@id\":\"https:\/\/www.losencuentrosdepamplona.com\/la-bienal-internacional-encuentros-de-pamplona-iruneko-topaketak-2024-en-arcomadrid\/\",\"url\":\"https:\/\/www.losencuentrosdepamplona.com\/la-bienal-internacional-encuentros-de-pamplona-iruneko-topaketak-2024-en-arcomadrid\/\",\"name\":\"La bienal internacional\u00a0Encuentros de Pamplona-Iru\u00f1eko Topaketak\u00a02024 en ARCOMadrid - Encuentros de Pamplona \/ Iru\u00f1eko Topaketak\",\"isPartOf\":{\"@id\":\"https:\/\/www.losencuentrosdepamplona.com\/#website\"},\"primaryImageOfPage\":{\"@id\":\"https:\/\/www.losencuentrosdepamplona.com\/la-bienal-internacional-encuentros-de-pamplona-iruneko-topaketak-2024-en-arcomadrid\/#primaryimage\"},\"image\":{\"@id\":\"https:\/\/www.losencuentrosdepamplona.com\/la-bienal-internacional-encuentros-de-pamplona-iruneko-topaketak-2024-en-arcomadrid\/#primaryimage\"},\"thumbnailUrl\":\"https:\/\/www.losencuentrosdepamplona.com\/wp-content\/uploads\/2024\/03\/Presentacion-ARCO-Los-Encuentros.jpg\",\"datePublished\":\"2024-03-11T09:16:33+00:00\",\"dateModified\":\"2024-03-11T09:16:34+00:00\",\"breadcrumb\":{\"@id\":\"https:\/\/www.losencuentrosdepamplona.com\/la-bienal-internacional-encuentros-de-pamplona-iruneko-topaketak-2024-en-arcomadrid\/#breadcrumb\"},\"inLanguage\":\"eu-ES\",\"potentialAction\":[{\"@type\":\"ReadAction\",\"target\":[\"https:\/\/www.losencuentrosdepamplona.com\/la-bienal-internacional-encuentros-de-pamplona-iruneko-topaketak-2024-en-arcomadrid\/\"]}]},{\"@type\":\"ImageObject\",\"inLanguage\":\"eu-ES\",\"@id\":\"https:\/\/www.losencuentrosdepamplona.com\/la-bienal-internacional-encuentros-de-pamplona-iruneko-topaketak-2024-en-arcomadrid\/#primaryimage\",\"url\":\"https:\/\/www.losencuentrosdepamplona.com\/wp-content\/uploads\/2024\/03\/Presentacion-ARCO-Los-Encuentros.jpg\",\"contentUrl\":\"https:\/\/www.losencuentrosdepamplona.com\/wp-content\/uploads\/2024\/03\/Presentacion-ARCO-Los-Encuentros.jpg\",\"width\":1200,\"height\":919},{\"@type\":\"BreadcrumbList\",\"@id\":\"https:\/\/www.losencuentrosdepamplona.com\/la-bienal-internacional-encuentros-de-pamplona-iruneko-topaketak-2024-en-arcomadrid\/#breadcrumb\",\"itemListElement\":[{\"@type\":\"ListItem\",\"position\":1,\"name\":\"Portada\",\"item\":\"https:\/\/www.losencuentrosdepamplona.com\/eu\/\"},{\"@type\":\"ListItem\",\"position\":2,\"name\":\"La bienal internacional\u00a0Encuentros de Pamplona-Iru\u00f1eko Topaketak\u00a02024 en ARCOMadrid\"}]},{\"@type\":\"WebSite\",\"@id\":\"https:\/\/www.losencuentrosdepamplona.com\/#website\",\"url\":\"https:\/\/www.losencuentrosdepamplona.com\/\",\"name\":\"Encuentros de Pamplona \/ Iru\u00f1eko Topaketak\",\"description\":\"Bienal internacional de cultura, arte y pensamiento\",\"publisher\":{\"@id\":\"https:\/\/www.losencuentrosdepamplona.com\/#organization\"},\"potentialAction\":[{\"@type\":\"SearchAction\",\"target\":{\"@type\":\"EntryPoint\",\"urlTemplate\":\"https:\/\/www.losencuentrosdepamplona.com\/?s={search_term_string}\"},\"query-input\":{\"@type\":\"PropertyValueSpecification\",\"valueRequired\":true,\"valueName\":\"search_term_string\"}}],\"inLanguage\":\"eu-ES\"},{\"@type\":\"Organization\",\"@id\":\"https:\/\/www.losencuentrosdepamplona.com\/#organization\",\"name\":\"Encuentros de Pamplona \/ Iru\u00f1eko Topaketak\",\"url\":\"https:\/\/www.losencuentrosdepamplona.com\/\",\"logo\":{\"@type\":\"ImageObject\",\"inLanguage\":\"eu-ES\",\"@id\":\"https:\/\/www.losencuentrosdepamplona.com\/#\/schema\/logo\/image\/\",\"url\":\"https:\/\/www.losencuentrosdepamplona.com\/wp-content\/uploads\/2024\/02\/encuentros__mid-dark.svg\",\"contentUrl\":\"https:\/\/www.losencuentrosdepamplona.com\/wp-content\/uploads\/2024\/02\/encuentros__mid-dark.svg\",\"width\":1103,\"height\":294,\"caption\":\"Encuentros de Pamplona \/ Iru\u00f1eko Topaketak\"},\"image\":{\"@id\":\"https:\/\/www.losencuentrosdepamplona.com\/#\/schema\/logo\/image\/\"},\"sameAs\":[\"https:\/\/www.facebook.com\/encuentrosdepamplona\/\",\"https:\/\/x.com\/encuentros2024\",\"https:\/\/www.instagram.com\/losencuentrosdepamplona\/?hl=es\"]},{\"@type\":\"Person\",\"@id\":\"https:\/\/www.losencuentrosdepamplona.com\/#\/schema\/person\/f305b864c85a6cff8199df55add9433d\",\"name\":\"ec6eef2fcc\",\"image\":{\"@type\":\"ImageObject\",\"inLanguage\":\"eu-ES\",\"@id\":\"https:\/\/www.losencuentrosdepamplona.com\/#\/schema\/person\/image\/\",\"url\":\"https:\/\/secure.gravatar.com\/avatar\/58b355f20f8b904ac772fc77e35be8cfde294cf1aa6970ee58dc11189f83f8f9?s=96&d=mm&r=g\",\"contentUrl\":\"https:\/\/secure.gravatar.com\/avatar\/58b355f20f8b904ac772fc77e35be8cfde294cf1aa6970ee58dc11189f83f8f9?s=96&d=mm&r=g\",\"caption\":\"ec6eef2fcc\"},\"sameAs\":[\"http:\/\/www.cabinet.es\/encuentros\"],\"url\":\"https:\/\/www.losencuentrosdepamplona.com\/eu\/author\/ec6eef2fcc\/\"}]}<\/script>\n<!-- \/ Yoast SEO plugin. -->","yoast_head_json":{"title":"La bienal internacional\u00a0Encuentros de Pamplona-Iru\u00f1eko Topaketak\u00a02024 en ARCOMadrid - Encuentros de Pamplona \/ Iru\u00f1eko Topaketak","robots":{"index":"index","follow":"follow","max-snippet":"max-snippet:-1","max-image-preview":"max-image-preview:large","max-video-preview":"max-video-preview:-1"},"canonical":"https:\/\/www.losencuentrosdepamplona.com\/la-bienal-internacional-encuentros-de-pamplona-iruneko-topaketak-2024-en-arcomadrid\/","og_locale":"eu_ES","og_type":"article","og_title":"La bienal internacional\u00a0Encuentros de Pamplona-Iru\u00f1eko Topaketak\u00a02024 en ARCOMadrid - Encuentros de Pamplona \/ Iru\u00f1eko Topaketak","og_description":"El comisario del programa, el poeta y ensayista Ram\u00f3n Andr\u00e9s, ha presentado las l\u00edneas principales de esta bienal internacional de cultura, arte y pensamiento y del programa 2024.","og_url":"https:\/\/www.losencuentrosdepamplona.com\/la-bienal-internacional-encuentros-de-pamplona-iruneko-topaketak-2024-en-arcomadrid\/","og_site_name":"Encuentros de Pamplona \/ Iru\u00f1eko Topaketak","article_publisher":"https:\/\/www.facebook.com\/encuentrosdepamplona\/","article_published_time":"2024-03-11T09:16:33+00:00","article_modified_time":"2024-03-11T09:16:34+00:00","og_image":[{"width":1200,"height":919,"url":"https:\/\/www.losencuentrosdepamplona.com\/wp-content\/uploads\/2024\/03\/Presentacion-ARCO-Los-Encuentros.jpg","type":"image\/jpeg"}],"author":"ec6eef2fcc","twitter_card":"summary_large_image","twitter_creator":"@encuentros2024","twitter_site":"@encuentros2024","twitter_misc":{"Written by":"ec6eef2fcc","Est. reading time":"5 minutes"},"schema":{"@context":"https:\/\/schema.org","@graph":[{"@type":"NewsArticle","@id":"https:\/\/www.losencuentrosdepamplona.com\/la-bienal-internacional-encuentros-de-pamplona-iruneko-topaketak-2024-en-arcomadrid\/#article","isPartOf":{"@id":"https:\/\/www.losencuentrosdepamplona.com\/la-bienal-internacional-encuentros-de-pamplona-iruneko-topaketak-2024-en-arcomadrid\/"},"author":{"name":"ec6eef2fcc","@id":"https:\/\/www.losencuentrosdepamplona.com\/#\/schema\/person\/f305b864c85a6cff8199df55add9433d"},"headline":"La bienal internacional\u00a0Encuentros de Pamplona-Iru\u00f1eko Topaketak\u00a02024 en ARCOMadrid","datePublished":"2024-03-11T09:16:33+00:00","dateModified":"2024-03-11T09:16:34+00:00","mainEntityOfPage":{"@id":"https:\/\/www.losencuentrosdepamplona.com\/la-bienal-internacional-encuentros-de-pamplona-iruneko-topaketak-2024-en-arcomadrid\/"},"wordCount":938,"commentCount":0,"publisher":{"@id":"https:\/\/www.losencuentrosdepamplona.com\/#organization"},"image":{"@id":"https:\/\/www.losencuentrosdepamplona.com\/la-bienal-internacional-encuentros-de-pamplona-iruneko-topaketak-2024-en-arcomadrid\/#primaryimage"},"thumbnailUrl":"https:\/\/www.losencuentrosdepamplona.com\/wp-content\/uploads\/2024\/03\/Presentacion-ARCO-Los-Encuentros.jpg","articleSection":["Encuentros"],"inLanguage":"eu-ES","potentialAction":[{"@type":"CommentAction","name":"Comment","target":["https:\/\/www.losencuentrosdepamplona.com\/la-bienal-internacional-encuentros-de-pamplona-iruneko-topaketak-2024-en-arcomadrid\/#respond"]}]},{"@type":["WebPage","ItemPage"],"@id":"https:\/\/www.losencuentrosdepamplona.com\/la-bienal-internacional-encuentros-de-pamplona-iruneko-topaketak-2024-en-arcomadrid\/","url":"https:\/\/www.losencuentrosdepamplona.com\/la-bienal-internacional-encuentros-de-pamplona-iruneko-topaketak-2024-en-arcomadrid\/","name":"La bienal internacional\u00a0Encuentros de Pamplona-Iru\u00f1eko Topaketak\u00a02024 en ARCOMadrid - Encuentros de Pamplona \/ Iru\u00f1eko Topaketak","isPartOf":{"@id":"https:\/\/www.losencuentrosdepamplona.com\/#website"},"primaryImageOfPage":{"@id":"https:\/\/www.losencuentrosdepamplona.com\/la-bienal-internacional-encuentros-de-pamplona-iruneko-topaketak-2024-en-arcomadrid\/#primaryimage"},"image":{"@id":"https:\/\/www.losencuentrosdepamplona.com\/la-bienal-internacional-encuentros-de-pamplona-iruneko-topaketak-2024-en-arcomadrid\/#primaryimage"},"thumbnailUrl":"https:\/\/www.losencuentrosdepamplona.com\/wp-content\/uploads\/2024\/03\/Presentacion-ARCO-Los-Encuentros.jpg","datePublished":"2024-03-11T09:16:33+00:00","dateModified":"2024-03-11T09:16:34+00:00","breadcrumb":{"@id":"https:\/\/www.losencuentrosdepamplona.com\/la-bienal-internacional-encuentros-de-pamplona-iruneko-topaketak-2024-en-arcomadrid\/#breadcrumb"},"inLanguage":"eu-ES","potentialAction":[{"@type":"ReadAction","target":["https:\/\/www.losencuentrosdepamplona.com\/la-bienal-internacional-encuentros-de-pamplona-iruneko-topaketak-2024-en-arcomadrid\/"]}]},{"@type":"ImageObject","inLanguage":"eu-ES","@id":"https:\/\/www.losencuentrosdepamplona.com\/la-bienal-internacional-encuentros-de-pamplona-iruneko-topaketak-2024-en-arcomadrid\/#primaryimage","url":"https:\/\/www.losencuentrosdepamplona.com\/wp-content\/uploads\/2024\/03\/Presentacion-ARCO-Los-Encuentros.jpg","contentUrl":"https:\/\/www.losencuentrosdepamplona.com\/wp-content\/uploads\/2024\/03\/Presentacion-ARCO-Los-Encuentros.jpg","width":1200,"height":919},{"@type":"BreadcrumbList","@id":"https:\/\/www.losencuentrosdepamplona.com\/la-bienal-internacional-encuentros-de-pamplona-iruneko-topaketak-2024-en-arcomadrid\/#breadcrumb","itemListElement":[{"@type":"ListItem","position":1,"name":"Portada","item":"https:\/\/www.losencuentrosdepamplona.com\/eu\/"},{"@type":"ListItem","position":2,"name":"La bienal internacional\u00a0Encuentros de Pamplona-Iru\u00f1eko Topaketak\u00a02024 en ARCOMadrid"}]},{"@type":"WebSite","@id":"https:\/\/www.losencuentrosdepamplona.com\/#website","url":"https:\/\/www.losencuentrosdepamplona.com\/","name":"Encuentros de Pamplona \/ Iru\u00f1eko Topaketak","description":"Bienal internacional de cultura, arte y pensamiento","publisher":{"@id":"https:\/\/www.losencuentrosdepamplona.com\/#organization"},"potentialAction":[{"@type":"SearchAction","target":{"@type":"EntryPoint","urlTemplate":"https:\/\/www.losencuentrosdepamplona.com\/?s={search_term_string}"},"query-input":{"@type":"PropertyValueSpecification","valueRequired":true,"valueName":"search_term_string"}}],"inLanguage":"eu-ES"},{"@type":"Organization","@id":"https:\/\/www.losencuentrosdepamplona.com\/#organization","name":"Encuentros de Pamplona \/ Iru\u00f1eko Topaketak","url":"https:\/\/www.losencuentrosdepamplona.com\/","logo":{"@type":"ImageObject","inLanguage":"eu-ES","@id":"https:\/\/www.losencuentrosdepamplona.com\/#\/schema\/logo\/image\/","url":"https:\/\/www.losencuentrosdepamplona.com\/wp-content\/uploads\/2024\/02\/encuentros__mid-dark.svg","contentUrl":"https:\/\/www.losencuentrosdepamplona.com\/wp-content\/uploads\/2024\/02\/encuentros__mid-dark.svg","width":1103,"height":294,"caption":"Encuentros de Pamplona \/ Iru\u00f1eko Topaketak"},"image":{"@id":"https:\/\/www.losencuentrosdepamplona.com\/#\/schema\/logo\/image\/"},"sameAs":["https:\/\/www.facebook.com\/encuentrosdepamplona\/","https:\/\/x.com\/encuentros2024","https:\/\/www.instagram.com\/losencuentrosdepamplona\/?hl=es"]},{"@type":"Person","@id":"https:\/\/www.losencuentrosdepamplona.com\/#\/schema\/person\/f305b864c85a6cff8199df55add9433d","name":"ec6eef2fcc","image":{"@type":"ImageObject","inLanguage":"eu-ES","@id":"https:\/\/www.losencuentrosdepamplona.com\/#\/schema\/person\/image\/","url":"https:\/\/secure.gravatar.com\/avatar\/58b355f20f8b904ac772fc77e35be8cfde294cf1aa6970ee58dc11189f83f8f9?s=96&d=mm&r=g","contentUrl":"https:\/\/secure.gravatar.com\/avatar\/58b355f20f8b904ac772fc77e35be8cfde294cf1aa6970ee58dc11189f83f8f9?s=96&d=mm&r=g","caption":"ec6eef2fcc"},"sameAs":["http:\/\/www.cabinet.es\/encuentros"],"url":"https:\/\/www.losencuentrosdepamplona.com\/eu\/author\/ec6eef2fcc\/"}]}},"uagb_featured_image_src":{"full":["https:\/\/www.losencuentrosdepamplona.com\/wp-content\/uploads\/2024\/03\/Presentacion-ARCO-Los-Encuentros.jpg",1200,919,false],"thumbnail":["https:\/\/www.losencuentrosdepamplona.com\/wp-content\/uploads\/2024\/03\/Presentacion-ARCO-Los-Encuentros-150x150.jpg",150,150,true],"medium":["https:\/\/www.losencuentrosdepamplona.com\/wp-content\/uploads\/2024\/03\/Presentacion-ARCO-Los-Encuentros-300x230.jpg",300,230,true],"medium_large":["https:\/\/www.losencuentrosdepamplona.com\/wp-content\/uploads\/2024\/03\/Presentacion-ARCO-Los-Encuentros-768x588.jpg",768,588,true],"large":["https:\/\/www.losencuentrosdepamplona.com\/wp-content\/uploads\/2024\/03\/Presentacion-ARCO-Los-Encuentros-1024x784.jpg",1024,784,true],"thumblist":["https:\/\/www.losencuentrosdepamplona.com\/wp-content\/uploads\/2024\/03\/Presentacion-ARCO-Los-Encuentros.jpg",300,230,false],"thumbrelated":["https:\/\/www.losencuentrosdepamplona.com\/wp-content\/uploads\/2024\/03\/Presentacion-ARCO-Los-Encuentros.jpg",500,383,false],"meccarouselthumb":["https:\/\/www.losencuentrosdepamplona.com\/wp-content\/uploads\/2024\/03\/Presentacion-ARCO-Los-Encuentros.jpg",423,324,false],"gridsquare":["https:\/\/www.losencuentrosdepamplona.com\/wp-content\/uploads\/2024\/03\/Presentacion-ARCO-Los-Encuentros.jpg",339,260,false],"tileview":["https:\/\/www.losencuentrosdepamplona.com\/wp-content\/uploads\/2024\/03\/Presentacion-ARCO-Los-Encuentros.jpg",300,230,false],"1536x1536":["https:\/\/www.losencuentrosdepamplona.com\/wp-content\/uploads\/2024\/03\/Presentacion-ARCO-Los-Encuentros.jpg",1200,919,false],"2048x2048":["https:\/\/www.losencuentrosdepamplona.com\/wp-content\/uploads\/2024\/03\/Presentacion-ARCO-Los-Encuentros.jpg",1200,919,false],"neve-blog":["https:\/\/www.losencuentrosdepamplona.com\/wp-content\/uploads\/2024\/03\/Presentacion-ARCO-Los-Encuentros-930x620.jpg",930,620,true]},"uagb_author_info":{"display_name":"ec6eef2fcc","author_link":"https:\/\/www.losencuentrosdepamplona.com\/eu\/author\/ec6eef2fcc\/"},"uagb_comment_info":1,"uagb_excerpt":"El comisario del programa, el poeta y ensayista Ram\u00f3n Andr\u00e9s, ha presentado las l\u00edneas principales de esta bienal internacional de cultura, arte y pensamiento y del programa 2024.","_links":{"self":[{"href":"https:\/\/www.losencuentrosdepamplona.com\/eu\/wp-json\/wp\/v2\/posts\/1935","targetHints":{"allow":["GET"]}}],"collection":[{"href":"https:\/\/www.losencuentrosdepamplona.com\/eu\/wp-json\/wp\/v2\/posts"}],"about":[{"href":"https:\/\/www.losencuentrosdepamplona.com\/eu\/wp-json\/wp\/v2\/types\/post"}],"author":[{"embeddable":true,"href":"https:\/\/www.losencuentrosdepamplona.com\/eu\/wp-json\/wp\/v2\/users\/1"}],"replies":[{"embeddable":true,"href":"https:\/\/www.losencuentrosdepamplona.com\/eu\/wp-json\/wp\/v2\/comments?post=1935"}],"version-history":[{"count":0,"href":"https:\/\/www.losencuentrosdepamplona.com\/eu\/wp-json\/wp\/v2\/posts\/1935\/revisions"}],"wp:featuredmedia":[{"embeddable":true,"href":"https:\/\/www.losencuentrosdepamplona.com\/eu\/wp-json\/wp\/v2\/media\/1936"}],"wp:attachment":[{"href":"https:\/\/www.losencuentrosdepamplona.com\/eu\/wp-json\/wp\/v2\/media?parent=1935"}],"wp:term":[{"taxonomy":"category","embeddable":true,"href":"https:\/\/www.losencuentrosdepamplona.com\/eu\/wp-json\/wp\/v2\/categories?post=1935"},{"taxonomy":"post_tag","embeddable":true,"href":"https:\/\/www.losencuentrosdepamplona.com\/eu\/wp-json\/wp\/v2\/tags?post=1935"}],"curies":[{"name":"wp","href":"https:\/\/api.w.org\/{rel}","templated":true}]}}